{"id":2999,"date":"2024-05-25T17:54:29","date_gmt":"2024-05-25T21:54:29","guid":{"rendered":"https:\/\/montreal2024.reiactis.net\/?p=2999"},"modified":"2024-05-25T18:35:05","modified_gmt":"2024-05-25T22:35:05","slug":"projection-debat-autour-du-film-suzanne-jour-apres-jour","status":"publish","type":"post","link":"https:\/\/montreal2024.reiactis.net\/es\/2024\/05\/25\/projection-debat-autour-du-film-suzanne-jour-apres-jour\/","title":{"rendered":"Projection-d\u00e9bat autour du film &#8220;Suzanne jour apr\u00e8s jour&#8221;"},"content":{"rendered":"\n<p>Dans la cadre de son 7e colloque international, le REIACTIS en association avec la Chaire internationale Soci\u00e9t\u00e9s inclusives et avanc\u00e9e en \u00e2ge (SI\u00c2GE) de l\u2019Universit\u00e9 de Lorraine, organisent une projection-d\u00e9bat autour du documentaire Suzanne jour apr\u00e8s jour en pr\u00e9sence de St\u00e9phane Manchematin.<\/p>\n\n\n\n<p><strong>L&#8217;activit\u00e9 est gratuite et ouverte \u00e0 tous !<\/strong><\/p>\n\n\n\n<p><strong>6 juin \u00e0 15h15<\/strong><\/p>\n\n\n\n<p>R\u00e9sum\u00e9 : \u00ab On verra bien ! \u00bb Suzanne prend la vie comme elle vient, avec calme et s\u00e9r\u00e9nit\u00e9. Elle vit seule dans la ferme qui l\u2019a vue na\u00eetre en 1930, en lisi\u00e8re d\u2019une for\u00eat des Hautes-Vosges. La maison n\u2019est raccord\u00e9e ni \u00e0 l\u2019eau ni \u00e0 l\u2019\u00e9lectricit\u00e9. Au gr\u00e9 des saisons, Suzanne cultive son potager, pr\u00e9pare ses conserves, lit la presse, marche dans la montagne, accueille les visiteurs de passage. Elle savoure en riant tous les petits plaisirs de la vie, s\u2019amusant d&#8217;incarner cette sobri\u00e9t\u00e9 heureuse \u00e0 laquelle aspirent ses contemporains.<\/p>\n\n\n\n<p>La projection aura lieu le 6 juin \u00e0 15h15 au :<\/p>\n\n\n\n<p>Pavillon Jean Brillant<br>Universit\u00e9 de Montr\u00e9al<br>3200 Rue Jean-Brillant<br>Montr\u00e9al, QC H3T 1N8<br>Salle B-2285<\/p>\n\n\n\n<p><strong>Gratuit ! Inscription obligatoire dans le formulaire ci-dessous :<\/strong><\/p>\n\n\n\n<div class=\"wpcf7 no-js\" id=\"wpcf7-f3011-o1\" lang=\"fr-FR\" dir=\"ltr\">\n<div class=\"screen-reader-response\"><p role=\"status\" aria-live=\"polite\" aria-atomic=\"true\"><\/p> <ul><\/ul><\/div>\n<form action=\"\/es\/wp-json\/wp\/v2\/posts\/2999#wpcf7-f3011-o1\" method=\"post\" class=\"wpcf7-form init\" aria-label=\"Formulaire de contact\" novalidate=\"novalidate\" data-status=\"init\">\n<div style=\"display: none;\">\n<input type=\"hidden\" name=\"_wpcf7\" value=\"3011\" \/>\n<input type=\"hidden\" name=\"_wpcf7_version\" value=\"5.9.4\" \/>\n<input type=\"hidden\" name=\"_wpcf7_locale\" value=\"fr_FR\" \/>\n<input type=\"hidden\" name=\"_wpcf7_unit_tag\" value=\"wpcf7-f3011-o1\" \/>\n<input type=\"hidden\" name=\"_wpcf7_container_post\" value=\"0\" \/>\n<input type=\"hidden\" name=\"_wpcf7_posted_data_hash\" value=\"\" \/>\n<input type=\"hidden\" name=\"_uacf7_hidden_conditional_fields\" value=\"\" \/>\n<input type=\"hidden\" name=\"_uacf7_repeaters\" value=\"\" \/>\n<input type=\"hidden\" name=\"_uacf7_options\" value=\"\" \/>\n<input type=\"hidden\" name=\"_wpcf7_recaptcha_response\" value=\"\" \/>\n<\/div>\n            <style>\n                :root {\n                    --uacf7-slider-Selection-Color: #1e90ff;\n                    --uacf7-slider-handle-color: #3498db;\n                    --uacf7-slider-handle-width: 24px;\n                    --uacf7-slider-handle-height: 24px;\n                    --uacf7-slider-handle-border-radius: 24px;\n                    --uacf7-slider-range-slider-height: 9px;\n                }\n                .uacf7-form-3011 .ui-slider-horizontal .ui-slider-range {\n                    background-color: #1e90ff;\n                    height: 9px;\n                }\n                .uacf7-form-3011 .ui-widget.ui-widget-content {\n                    height: 9px;\n                    border: 1px solid #1e90ff;\n                    background-color: #EEE;\n                }\n                .uacf7-form-3011 .ui-state-default, .ui-widget-content .ui-state-default{\n                    background-color: #3498db;\n                    width: 24px;\n                    height: 24px;\n                    border-radius: 24px;\n                    cursor: pointer;\n                    border: none !important;\n                    top: -8px;\n                    position: absolute;\n                    \n                }\n              \n                .uacf7-form-3011 .ui-slider-horizontal .ui-slider-handle {\n                    top: -8.5px;\n                }\n                .uacf7-form-3011 input[type=range] {\n                    background-color: #1e90ff;\n                    height: 9px;\n                    border-radius: 5px;\n                }\n                .uacf7-form-3011 .ui-slider-horizontal{\n                    height: 9px;\n                }\n                .uacf7-form-3011 .uacf7-slider::-webkit-slider-thumb {\n                    -webkit-appearance: none;\n                    appearance: none;\n                    width: 24px;\n                    height: 24px;\n                    background:#3498db;\n                    border-radius: 24px;\n                    cursor: pointer;\n                }\n\n                .uacf7-form-3011 .uacf7-slider::-moz-range-thumb {\n                    width: 24px;\n                    height: 24px;\n                    background: #3498db;\n                    border-radius: 24px;\n                    cursor: pointer;\n                }\n            <\/style>\n\n            <div class=\"uacf7-form-3011\"><div class=\"uacf7-form-3011\"><label> Votre nom\n    <span class=\"wpcf7-form-control-wrap\" data-name=\"your-name\"><input size=\"40\" class=\"wpcf7-form-control wpcf7-text wpcf7-validates-as-required\" autocomplete=\"name\" aria-required=\"true\" aria-invalid=\"false\" value=\"\" type=\"text\" name=\"your-name\" \/><\/span> <\/label>\n\n<label> Votre pr\u00e9nom\n    <span class=\"wpcf7-form-control-wrap\" data-name=\"your-name\"><input size=\"40\" class=\"wpcf7-form-control wpcf7-text wpcf7-validates-as-required\" autocomplete=\"name\" aria-required=\"true\" aria-invalid=\"false\" value=\"\" type=\"text\" name=\"your-name\" \/><\/span> <\/label>\n\n<label> Votre genre\n    <span class=\"wpcf7-form-control-wrap\" data-name=\"Genre\"><select class=\"wpcf7-form-control wpcf7-select wpcf7-validates-as-required\" aria-required=\"true\" aria-invalid=\"false\" name=\"Genre\"><option value=\"Femme\">Femme<\/option><option value=\"Homme\">Homme<\/option><option value=\"Non binaire\">Non binaire<\/option><option value=\"Je ne souhaite pas r\u00e9pondre\">Je ne souhaite pas r\u00e9pondre<\/option><\/select><\/span> <\/label>\n\n<label> Votre \u00e2ge\n<span class=\"wpcf7-form-control-wrap\" data-name=\"age\"><input class=\"wpcf7-form-control wpcf7-number wpcf7-validates-as-required wpcf7-validates-as-number\" aria-required=\"true\" aria-invalid=\"false\" value=\"\" type=\"number\" name=\"age\" \/><\/span> <\/label>\n\n<label> Votre occupation\n    <span class=\"wpcf7-form-control-wrap\" data-name=\"Statut\"><span class=\"wpcf7-form-control wpcf7-checkbox wpcf7-validates-as-required wpcf7-exclusive-checkbox\"><span class=\"wpcf7-list-item first\"><label><input type=\"checkbox\" name=\"Statut\" value=\"Retrait\u00e9.e\" \/><span class=\"wpcf7-list-item-label\">Retrait\u00e9.e<\/span><\/label><\/span><span class=\"wpcf7-list-item\"><label><input type=\"checkbox\" name=\"Statut\" value=\"Professionnel.le\" \/><span class=\"wpcf7-list-item-label\">Professionnel.le<\/span><\/label><\/span><span class=\"wpcf7-list-item\"><label><input type=\"checkbox\" name=\"Statut\" value=\"\u00c9tudiant.e\" \/><span class=\"wpcf7-list-item-label\">\u00c9tudiant.e<\/span><\/label><\/span><span class=\"wpcf7-list-item\"><label><input type=\"checkbox\" name=\"Statut\" value=\"Doctorant.e\" \/><span class=\"wpcf7-list-item-label\">Doctorant.e<\/span><\/label><\/span><span class=\"wpcf7-list-item\"><label><input type=\"checkbox\" name=\"Statut\" value=\"Enseignant.e \/ Chercheur.e\" \/><span class=\"wpcf7-list-item-label\">Enseignant.e \/ Chercheur.e<\/span><\/label><\/span><span class=\"wpcf7-list-item last\"><label><input type=\"checkbox\" name=\"Statut\" value=\"Autre\" \/><span class=\"wpcf7-list-item-label\">Autre<\/span><\/label><\/span><\/span><\/span> <\/label>\n\n<label> Autre occupation, pr\u00e9ciser :\n    <span class=\"wpcf7-form-control-wrap\" data-name=\"autreoccupation\"><input size=\"40\" class=\"wpcf7-form-control wpcf7-text\" aria-invalid=\"false\" value=\"\" type=\"text\" name=\"autreoccupation\" \/><\/span> <\/label>\n\n<label> Votre e-mail\n    <span class=\"wpcf7-form-control-wrap\" data-name=\"your-email\"><input size=\"40\" class=\"wpcf7-form-control wpcf7-email wpcf7-validates-as-required wpcf7-text wpcf7-validates-as-email\" autocomplete=\"email\" aria-required=\"true\" aria-invalid=\"false\" value=\"\" type=\"email\" name=\"your-email\" \/><\/span> <\/label>\n\n<label> Commentaire (facultatif)\n    <span class=\"wpcf7-form-control-wrap\" data-name=\"your-message\"><textarea cols=\"40\" rows=\"10\" class=\"wpcf7-form-control wpcf7-textarea\" aria-invalid=\"false\" name=\"your-message\"><\/textarea><\/span> <\/label>\n\n<input class=\"wpcf7-form-control wpcf7-submit has-spinner\" type=\"submit\" value=\"Envoyer\" \/>\n\nCe formulaire utilise Akismet pour r\u00e9duire le courrier ind\u00e9sirable. <a target=\"_blank\" rel=\"nofollow noopener\" href=\"https:\/\/akismet.com\/privacy\/\">D\u00e9couvrez comment vos donn\u00e9es sont trait\u00e9es.<\/a><\/div><\/div><p style=\"display: none !important;\" class=\"akismet-fields-container\" data-prefix=\"_wpcf7_ak_\"><label>&#916;<textarea name=\"_wpcf7_ak_hp_textarea\" cols=\"45\" rows=\"8\" maxlength=\"100\"><\/textarea><\/label><input type=\"hidden\" id=\"ak_js_1\" name=\"_wpcf7_ak_js\" value=\"245\"\/><script>document.getElementById( \"ak_js_1\" ).setAttribute( \"value\", ( new Date() ).getTime() );<\/script><\/p><div class=\"wpcf7-response-output\" aria-hidden=\"true\"><\/div>\n<\/form>\n<\/div>\n\n","protected":false},"excerpt":{"rendered":"<p>Dans la cadre de son 7e colloque international, le REIACTIS en association avec la Chaire internationale Soci\u00e9t\u00e9s inclusives et avanc\u00e9e en \u00e2ge (SI\u00c2GE) de l\u2019Universit\u00e9 de Lorraine, organisent une projection-d\u00e9bat autour du documentaire Suzanne jour apr\u00e8s jour en pr\u00e9sence de St\u00e9phane Manchematin. L&#8217;activit\u00e9 est gratuite et ouverte \u00e0 tous ! 6 juin \u00e0 15h15 R\u00e9sum\u00e9<a class=\"excerpt-read-more\" href=\"https:\/\/montreal2024.reiactis.net\/es\/2024\/05\/25\/projection-debat-autour-du-film-suzanne-jour-apres-jour\/\" title=\"ReadProjection-d\u00e9bat autour du film &#8220;Suzanne jour apr\u00e8s jour&#8221;\">&#8230; Read more &raquo;<\/a><\/p>\n","protected":false},"author":2,"featured_media":3000,"comment_status":"open","ping_status":"open","sticky":false,"template":"","format":"standard","meta":{"_acf_changed":false,"_jetpack_memberships_contains_paid_content":false,"footnotes":""},"categories":[1],"tags":[],"class_list":["post-2999","post","type-post","status-publish","format-standard","has-post-thumbnail","hentry","category-non-classifiee"],"acf":[],"jetpack_sharing_enabled":true,"jetpack_featured_media_url":"https:\/\/i0.wp.com\/montreal2024.reiactis.net\/wp-content\/uploads\/2024\/05\/1716504667318.jpg?fit=800%2C1200&ssl=1","_links":{"self":[{"href":"https:\/\/montreal2024.reiactis.net\/es\/wp-json\/wp\/v2\/posts\/2999","targetHints":{"allow":["GET"]}}],"collection":[{"href":"https:\/\/montreal2024.reiactis.net\/es\/wp-json\/wp\/v2\/posts"}],"about":[{"href":"https:\/\/montreal2024.reiactis.net\/es\/wp-json\/wp\/v2\/types\/post"}],"author":[{"embeddable":true,"href":"https:\/\/montreal2024.reiactis.net\/es\/wp-json\/wp\/v2\/users\/2"}],"replies":[{"embeddable":true,"href":"https:\/\/montreal2024.reiactis.net\/es\/wp-json\/wp\/v2\/comments?post=2999"}],"version-history":[{"count":3,"href":"https:\/\/montreal2024.reiactis.net\/es\/wp-json\/wp\/v2\/posts\/2999\/revisions"}],"predecessor-version":[{"id":3014,"href":"https:\/\/montreal2024.reiactis.net\/es\/wp-json\/wp\/v2\/posts\/2999\/revisions\/3014"}],"wp:featuredmedia":[{"embeddable":true,"href":"https:\/\/montreal2024.reiactis.net\/es\/wp-json\/wp\/v2\/media\/3000"}],"wp:attachment":[{"href":"https:\/\/montreal2024.reiactis.net\/es\/wp-json\/wp\/v2\/media?parent=2999"}],"wp:term":[{"taxonomy":"category","embeddable":true,"href":"https:\/\/montreal2024.reiactis.net\/es\/wp-json\/wp\/v2\/categories?post=2999"},{"taxonomy":"post_tag","embeddable":true,"href":"https:\/\/montreal2024.reiactis.net\/es\/wp-json\/wp\/v2\/tags?post=2999"}],"curies":[{"name":"wp","href":"https:\/\/api.w.org\/{rel}","templated":true}]}}